{"id":10011,"date":"2013-12-16T23:43:12","date_gmt":"2013-12-16T22:43:12","guid":{"rendered":"http:\/\/www.perezdelaromana.com\/2013\/12\/16\/otoplastia-cirugia-orejas\/"},"modified":"2022-09-19T11:59:04","modified_gmt":"2022-09-19T11:59:04","slug":"otoplasty","status":"publish","type":"post","link":"https:\/\/www.perezdelaromana.com\/en\/noticias-en\/otoplasty\/","title":{"rendered":"OTOPLASTY"},"content":{"rendered":"<h2>Otoplasty \u2013 Instituto P\u00e9rez de la Romana<\/h2>\n<p>Our younger patients in the <strong>Institute Perez de la Romana<\/strong>, were born with very big ears or they are lop-eared children. This deformity is also called \u201c<strong>ear pinning<\/strong>\u201d and \u201c<strong>protruding ears<\/strong>\u201c.<\/p>\n<p><img fetchpriority=\"high\" decoding=\"async\" class=\"alignleft wp-image-3677 size-medium\" style=\"border: 0px none;\"  title=\"OTOPLASTY\"  src=\"https:\/\/www.perezdelaromana.com\/wp-content\/uploads\/2013\/12\/otoplastia-alicante-199x300.jpg\"  alt=\"OTOPLASTY otoplastia-alicante-199x300\"  width=\"199\" height=\"300\" srcset=\"https:\/\/www.perezdelaromana.com\/wp-content\/uploads\/2013\/12\/otoplastia-alicante-199x300.jpg 199w, https:\/\/www.perezdelaromana.com\/wp-content\/uploads\/2013\/12\/otoplastia-alicante.jpg 300w\" sizes=\"(max-width: 199px) 100vw, 199px\" \/>The cause is <strong>congenital<\/strong>. It is so, because during the period of maternal development ears didn\u2019t develop in a proper and full manner and they lack some folds of the ear cartilage and as a result, the child has <strong>excessively protruding ears.<\/strong> It is important to mention that this deformity has no functional alteration in hearing, so children who have such anomaly don\u2019t have any defect with their ability to hear. But when they begin to go to school, this problem can produce the sense of insecurity and transform<strong> mental disorder<\/strong>. As children are used to insult their classmates with such deformities, this problem can be the reason of <strong>psychic disturbance<\/strong> and the lack of concentration during the studies.<\/p>\n<p>The type of operation which we practice in the <strong>Institute Perez de la Romana<\/strong> for correction of protruding ears is called otoplasty. It is performed with local anesthesia and sedation, it usually lasts one hour. Patients can go home immediately with their families. It\u2019s necessary to keep a bandage for a week and then to remove it and you can lead a normal life. The result of this intervention is very rewarding. The patient recovers easily in a short period of time, and is ready to demonstrate in family circle and school the <strong>satisfactory<\/strong> change in behavior.<\/p>\n","protected":false},"excerpt":{"rendered":"<p>Otoplasty \u2013 Instituto P\u00e9rez de la Romana Our younger patients in the Institute Perez de la Romana, were born with very big ears or they are lop-eared children. This deformity is also called \u201cear pinning\u201d and \u201cprotruding ears\u201c. The cause is congenital. It is so, because during the period of maternal development ears didn\u2019t develop [&hellip;]<\/p>\n","protected":false},"author":3,"featured_media":10012,"comment_status":"closed","ping_status":"open","sticky":false,"template":"","format":"standard","meta":{"footnotes":""},"categories":[319],"tags":[137,334,17,323,138,335,139,336,140,337],"class_list":["post-10011","post","type-post","status-publish","format-standard","has-post-thumbnail","hentry","category-noticias-en","tag-cirugia-de-orejas","tag-cirugia-de-orejas-en","tag-instituto-perez-de-la-romana","tag-instituto-perez-de-la-romana-en","tag-orejas-de-soplillo","tag-orejas-de-soplillo-en","tag-orejas-en-asa","tag-orejas-en-asa-en","tag-otoplastia","tag-otoplastia-en"],"yoast_head":"<!-- This site is optimized with the Yoast SEO plugin v27.3 - https:\/\/yoast.com\/product\/yoast-seo-wordpress\/ -->\n<title>Otoplastia - Cirug\u00eda de Orejas - Instituto Perez de la Romana<\/title>\n<meta name=\"description\" content=\"Otoplastia, cirug\u00eda de orejas en el Instituto Perez de la Romana. Cirug\u00eda est\u00e9tica para la correcci\u00f3n de orejas muy grandes o despegadas.\" \/>\n<meta name=\"robots\" content=\"noindex, follow\" \/>\n<meta property=\"og:locale\" content=\"en_GB\" \/>\n<meta property=\"og:type\" content=\"article\" \/>\n<meta property=\"og:title\" content=\"Otoplastia - Cirug\u00eda de Orejas - Instituto Perez de la Romana\" \/>\n<meta property=\"og:description\" content=\"Otoplastia, cirug\u00eda de orejas en el Instituto Perez de la Romana. Cirug\u00eda est\u00e9tica para la correcci\u00f3n de orejas muy grandes o despegadas.\" \/>\n<meta property=\"og:url\" content=\"https:\/\/www.perezdelaromana.com\/en\/noticias-en\/otoplasty\/\" \/>\n<meta property=\"og:site_name\" content=\"Instituto P\u00e9rez de la Romana\" \/>\n<meta property=\"article:publisher\" content=\"https:\/\/www.facebook.com\/InstitutocirugiaPerezdelaRomana\/\" \/>\n<meta property=\"article:published_time\" content=\"2013-12-16T22:43:12+00:00\" \/>\n<meta property=\"article:modified_time\" content=\"2022-09-19T11:59:04+00:00\" \/>\n<meta property=\"og:image\" content=\"https:\/\/www.perezdelaromana.com\/wp-content\/uploads\/2013\/12\/cirugia-orejas.jpg\" \/>\n\t<meta property=\"og:image:width\" content=\"640\" \/>\n\t<meta property=\"og:image:height\" content=\"305\" \/>\n\t<meta property=\"og:image:type\" content=\"image\/jpeg\" \/>\n<meta name=\"author\" content=\"Instituto\" \/>\n<meta name=\"twitter:card\" content=\"summary_large_image\" \/>\n<!-- \/ Yoast SEO plugin. -->","yoast_head_json":{"title":"Otoplastia - Cirug\u00eda de Orejas - Instituto Perez de la Romana","description":"Otoplastia, cirug\u00eda de orejas en el Instituto Perez de la Romana. Cirug\u00eda est\u00e9tica para la correcci\u00f3n de orejas muy grandes o despegadas.","robots":{"index":"noindex","follow":"follow"},"og_locale":"en_GB","og_type":"article","og_title":"Otoplastia - Cirug\u00eda de Orejas - Instituto Perez de la Romana","og_description":"Otoplastia, cirug\u00eda de orejas en el Instituto Perez de la Romana. Cirug\u00eda est\u00e9tica para la correcci\u00f3n de orejas muy grandes o despegadas.","og_url":"https:\/\/www.perezdelaromana.com\/en\/noticias-en\/otoplasty\/","og_site_name":"Instituto P\u00e9rez de la Romana","article_publisher":"https:\/\/www.facebook.com\/InstitutocirugiaPerezdelaRomana\/","article_published_time":"2013-12-16T22:43:12+00:00","article_modified_time":"2022-09-19T11:59:04+00:00","og_image":[{"width":640,"height":305,"url":"https:\/\/www.perezdelaromana.com\/wp-content\/uploads\/2013\/12\/cirugia-orejas.jpg","type":"image\/jpeg"}],"author":"Instituto","twitter_card":"summary_large_image","schema":{"@context":"https:\/\/schema.org","@graph":[{"@type":"Article","@id":"https:\/\/www.perezdelaromana.com\/en\/noticias-en\/otoplasty\/#article","isPartOf":{"@id":"https:\/\/www.perezdelaromana.com\/en\/noticias-en\/otoplasty\/"},"author":{"name":"Instituto","@id":"https:\/\/www.perezdelaromana.com\/#\/schema\/person\/eb6ede69a9ca306043e7f966c8a212dd"},"headline":"OTOPLASTY","datePublished":"2013-12-16T22:43:12+00:00","dateModified":"2022-09-19T11:59:04+00:00","mainEntityOfPage":{"@id":"https:\/\/www.perezdelaromana.com\/en\/noticias-en\/otoplasty\/"},"wordCount":258,"publisher":{"@id":"https:\/\/www.perezdelaromana.com\/#organization"},"image":{"@id":"https:\/\/www.perezdelaromana.com\/en\/noticias-en\/otoplasty\/#primaryimage"},"thumbnailUrl":"https:\/\/www.perezdelaromana.com\/wp-content\/uploads\/2013\/12\/cirugia-orejas.jpg","keywords":["cirugia de orejas","cirugia de orejas","Instituto Perez de la Romana","Instituto Perez de la Romana","orejas de soplillo","orejas de soplillo","orejas en asa","orejas en asa","otoplastia","otoplastia"],"articleSection":["Noticias"],"inLanguage":"en-GB"},{"@type":"WebPage","@id":"https:\/\/www.perezdelaromana.com\/en\/noticias-en\/otoplasty\/","url":"https:\/\/www.perezdelaromana.com\/en\/noticias-en\/otoplasty\/","name":"Otoplastia - Cirug\u00eda de Orejas - Instituto Perez de la Romana","isPartOf":{"@id":"https:\/\/www.perezdelaromana.com\/#website"},"primaryImageOfPage":{"@id":"https:\/\/www.perezdelaromana.com\/en\/noticias-en\/otoplasty\/#primaryimage"},"image":{"@id":"https:\/\/www.perezdelaromana.com\/en\/noticias-en\/otoplasty\/#primaryimage"},"thumbnailUrl":"https:\/\/www.perezdelaromana.com\/wp-content\/uploads\/2013\/12\/cirugia-orejas.jpg","datePublished":"2013-12-16T22:43:12+00:00","dateModified":"2022-09-19T11:59:04+00:00","description":"Otoplastia, cirug\u00eda de orejas en el Instituto Perez de la Romana. Cirug\u00eda est\u00e9tica para la correcci\u00f3n de orejas muy grandes o despegadas.","breadcrumb":{"@id":"https:\/\/www.perezdelaromana.com\/en\/noticias-en\/otoplasty\/#breadcrumb"},"inLanguage":"en-GB","potentialAction":[{"@type":"ReadAction","target":["https:\/\/www.perezdelaromana.com\/en\/noticias-en\/otoplasty\/"]}]},{"@type":"ImageObject","inLanguage":"en-GB","@id":"https:\/\/www.perezdelaromana.com\/en\/noticias-en\/otoplasty\/#primaryimage","url":"https:\/\/www.perezdelaromana.com\/wp-content\/uploads\/2013\/12\/cirugia-orejas.jpg","contentUrl":"https:\/\/www.perezdelaromana.com\/wp-content\/uploads\/2013\/12\/cirugia-orejas.jpg","width":640,"height":305,"caption":"cirugia orejas"},{"@type":"BreadcrumbList","@id":"https:\/\/www.perezdelaromana.com\/en\/noticias-en\/otoplasty\/#breadcrumb","itemListElement":[{"@type":"ListItem","position":1,"name":"Portada","item":"https:\/\/www.perezdelaromana.com\/en\/"},{"@type":"ListItem","position":2,"name":"OTOPLASTY"}]},{"@type":"WebSite","@id":"https:\/\/www.perezdelaromana.com\/#website","url":"https:\/\/www.perezdelaromana.com\/","name":"Instituto P\u00e9rez de la Romana","description":"Cirug\u00eda Pl\u00e1stica, Est\u00e9tica y Reconstructora","publisher":{"@id":"https:\/\/www.perezdelaromana.com\/#organization"},"potentialAction":[{"@type":"SearchAction","target":{"@type":"EntryPoint","urlTemplate":"https:\/\/www.perezdelaromana.com\/?s={search_term_string}"},"query-input":{"@type":"PropertyValueSpecification","valueRequired":true,"valueName":"search_term_string"}}],"inLanguage":"en-GB"},{"@type":"Organization","@id":"https:\/\/www.perezdelaromana.com\/#organization","name":"Instituto P\u00e9rez de la Romana","url":"https:\/\/www.perezdelaromana.com\/","logo":{"@type":"ImageObject","inLanguage":"en-GB","@id":"https:\/\/www.perezdelaromana.com\/#\/schema\/logo\/image\/","url":"https:\/\/www.perezdelaromana.com\/wp-content\/uploads\/2020\/05\/cropped-perezdelaromana-logo.png","contentUrl":"https:\/\/www.perezdelaromana.com\/wp-content\/uploads\/2020\/05\/cropped-perezdelaromana-logo.png","width":373,"height":59,"caption":"Instituto P\u00e9rez de la Romana"},"image":{"@id":"https:\/\/www.perezdelaromana.com\/#\/schema\/logo\/image\/"},"sameAs":["https:\/\/www.facebook.com\/InstitutocirugiaPerezdelaRomana\/","https:\/\/www.instagram.com\/PerezdelaRomana\/","https:\/\/www.linkedin.com\/in\/federico-perez-de-la-romana\/","https:\/\/www.youtube.com\/channel\/UC1FM8K8cxRZhzQu_0F44MLg"]},{"@type":"Person","@id":"https:\/\/www.perezdelaromana.com\/#\/schema\/person\/eb6ede69a9ca306043e7f966c8a212dd","name":"Instituto","image":{"@type":"ImageObject","inLanguage":"en-GB","@id":"https:\/\/secure.gravatar.com\/avatar\/3952b9ec664710bd4c46682450011fe54d89509af55d4c6eb61e3e632ca827e5?s=96&d=mm&r=g","url":"https:\/\/secure.gravatar.com\/avatar\/3952b9ec664710bd4c46682450011fe54d89509af55d4c6eb61e3e632ca827e5?s=96&d=mm&r=g","contentUrl":"https:\/\/secure.gravatar.com\/avatar\/3952b9ec664710bd4c46682450011fe54d89509af55d4c6eb61e3e632ca827e5?s=96&d=mm&r=g","caption":"Instituto"},"url":"https:\/\/www.perezdelaromana.com\/mejores-cirujanos-plasticos\/"}]}},"_links":{"self":[{"href":"https:\/\/www.perezdelaromana.com\/en\/wp-json\/wp\/v2\/posts\/10011","targetHints":{"allow":["GET"]}}],"collection":[{"href":"https:\/\/www.perezdelaromana.com\/en\/wp-json\/wp\/v2\/posts"}],"about":[{"href":"https:\/\/www.perezdelaromana.com\/en\/wp-json\/wp\/v2\/types\/post"}],"author":[{"embeddable":true,"href":"https:\/\/www.perezdelaromana.com\/en\/wp-json\/wp\/v2\/users\/3"}],"replies":[{"embeddable":true,"href":"https:\/\/www.perezdelaromana.com\/en\/wp-json\/wp\/v2\/comments?post=10011"}],"version-history":[{"count":0,"href":"https:\/\/www.perezdelaromana.com\/en\/wp-json\/wp\/v2\/posts\/10011\/revisions"}],"wp:featuredmedia":[{"embeddable":true,"href":"https:\/\/www.perezdelaromana.com\/en\/wp-json\/wp\/v2\/media\/10012"}],"wp:attachment":[{"href":"https:\/\/www.perezdelaromana.com\/en\/wp-json\/wp\/v2\/media?parent=10011"}],"wp:term":[{"taxonomy":"category","embeddable":true,"href":"https:\/\/www.perezdelaromana.com\/en\/wp-json\/wp\/v2\/categories?post=10011"},{"taxonomy":"post_tag","embeddable":true,"href":"https:\/\/www.perezdelaromana.com\/en\/wp-json\/wp\/v2\/tags?post=10011"}],"curies":[{"name":"wp","href":"https:\/\/api.w.org\/{rel}","templated":true}]}}